{"id":232,"date":"2020-04-23T22:35:14","date_gmt":"2020-04-23T22:35:14","guid":{"rendered":"http:\/\/liriospsicologia.com.br\/blog\/?p=232"},"modified":"2020-04-25T19:35:51","modified_gmt":"2020-04-25T19:35:51","slug":"voce-sabe-fazer-um-contrato-psicoterapeutico-para-atendimento-online","status":"publish","type":"post","link":"http:\/\/liriospsicologia.com.br\/blog\/voce-sabe-fazer-um-contrato-psicoterapeutico-para-atendimento-online\/","title":{"rendered":"Voc\u00ea sabe fazer um contrato psicoterap\u00eautico para atendimento online? (Turma 01)"},"content":{"rendered":"\n<div class=\"wp-block-image is-style-default\"><figure class=\"aligncenter size-large is-resized\"><img loading=\"lazy\" decoding=\"async\" src=\"http:\/\/liriospsicologia.com.br\/blog\/wp-content\/uploads\/2020\/04\/Contrato-terapeutico-certo-1024x1024.png\" alt=\"\" class=\"wp-image-233\" width=\"387\" height=\"387\" srcset=\"http:\/\/liriospsicologia.com.br\/blog\/wp-content\/uploads\/2020\/04\/Contrato-terapeutico-certo-1024x1024.png 1024w, http:\/\/liriospsicologia.com.br\/blog\/wp-content\/uploads\/2020\/04\/Contrato-terapeutico-certo-300x300.png 300w, http:\/\/liriospsicologia.com.br\/blog\/wp-content\/uploads\/2020\/04\/Contrato-terapeutico-certo-150x150.png 150w, http:\/\/liriospsicologia.com.br\/blog\/wp-content\/uploads\/2020\/04\/Contrato-terapeutico-certo-768x768.png 768w, http:\/\/liriospsicologia.com.br\/blog\/wp-content\/uploads\/2020\/04\/Contrato-terapeutico-certo-700x700.png 700w, http:\/\/liriospsicologia.com.br\/blog\/wp-content\/uploads\/2020\/04\/Contrato-terapeutico-certo.png 1080w\" sizes=\"(max-width: 387px) 100vw, 387px\" \/><\/figure><\/div>\n\n\n\n<div class=\"wp-block-group\"><div class=\"wp-block-group__inner-container is-layout-flow wp-block-group-is-layout-flow\">\n<div class=\"wp-block-group\"><div class=\"wp-block-group__inner-container is-layout-flow wp-block-group-is-layout-flow\">\n<p>Tenho recebido diversas mensagens de profissionais com d\u00favidas sobre os atendimentos online, sobretudo sobre a formata\u00e7\u00e3o do Contrato Terap\u00eautico.<\/p>\n\n\n\n<p>Esse minicurso tirar\u00e1 d\u00favidas sobre a formata\u00e7\u00e3o do Contrato Terap\u00eautico.<\/p>\n\n\n\n<ol><li>Atendimento Ass\u00edncrono e S\u00edncrono;<\/li><li>Defini\u00e7\u00e3o da Plataforma;<\/li><li>Temporalidade em atendimentos ass\u00edncrono;<\/li><li>Sigilo das informa\u00e7\u00f5es;<\/li><li>Seguran\u00e7a para psic\u00f3logo\/a e paciente;<\/li><li>Legisla\u00e7\u00e3o Brasileira e Resolu\u00e7\u00e3o do CFP.<\/li><\/ol>\n\n\n\n<p>?\ufe0fDia: 25\/04 \u00e0s 10h.<br>?A taxa de contribui\u00e7\u00e3o \u00e9 de apenas R$ 35,00 e pode ser dividida no cart\u00e3o de cr\u00e9dito.<\/p>\n\n\n\n<div class=\"wp-block-group\"><div class=\"wp-block-group__inner-container is-layout-flow wp-block-group-is-layout-flow\">\n<p>?Voc\u00ea n\u00e3o pode perder!<br>?Vagas limitad\u00edssimas!<\/p>\n<\/div><\/div>\n<\/div><\/div>\n<\/div><\/div>\n\n\n\n<p><strong><span class=\"has-inline-color has-vivid-red-color\">Fa\u00e7a a sua inscri\u00e7\u00e3o e realize a sua contribui\u00e7\u00e3o. <\/span><\/strong><br>N\u00e3o esque\u00e7a de realizar os dois processos. A inscri\u00e7\u00e3o \u00e9 importante para que voc\u00ea receba o link de acesso a sala do curso. <\/p>\n\n\n\n<div class=\"wp-block-buttons is-layout-flex wp-block-buttons-is-layout-flex\"><\/div>\n","protected":false},"excerpt":{"rendered":"<p>Tenho recebido diversas mensagens de profissionais com d\u00favidas sobre os atendimentos online, sobretudo sobre a formata\u00e7\u00e3o do Contrato Terap\u00eautico. Esse minicurso tirar\u00e1 d\u00favidas sobre a formata\u00e7\u00e3o do Contrato Terap\u00eautico. Atendimento Ass\u00edncrono e S\u00edncrono; Defini\u00e7\u00e3o da Plataforma; Temporalidade em atendimentos ass\u00edncrono; Sigilo das informa\u00e7\u00f5es; Seguran\u00e7a para psic\u00f3logo\/a e paciente; Legisla\u00e7\u00e3o Brasileira e Resolu\u00e7\u00e3o do CFP. ?\ufe0fDia: 25\/04 \u00e0s 10h.?A taxa de contribui\u00e7\u00e3o \u00e9 de apenas R$ 35,00 e pode ser dividida no cart\u00e3o de cr\u00e9dito. ?Voc\u00ea n\u00e3o pode perder!?Vagas limitad\u00edssimas! Fa\u00e7a a sua inscri\u00e7\u00e3o e realize a sua contribui\u00e7\u00e3o. N\u00e3o esque\u00e7a [&hellip;]<\/p>\n","protected":false},"author":4,"featured_media":0,"comment_status":"open","ping_status":"open","sticky":false,"template":"","format":"standard","meta":{"footnotes":""},"categories":[1],"tags":[],"_links":{"self":[{"href":"http:\/\/liriospsicologia.com.br\/blog\/wp-json\/wp\/v2\/posts\/232"}],"collection":[{"href":"http:\/\/liriospsicologia.com.br\/blog\/wp-json\/wp\/v2\/posts"}],"about":[{"href":"http:\/\/liriospsicologia.com.br\/blog\/wp-json\/wp\/v2\/types\/post"}],"author":[{"embeddable":true,"href":"http:\/\/liriospsicologia.com.br\/blog\/wp-json\/wp\/v2\/users\/4"}],"replies":[{"embeddable":true,"href":"http:\/\/liriospsicologia.com.br\/blog\/wp-json\/wp\/v2\/comments?post=232"}],"version-history":[{"count":7,"href":"http:\/\/liriospsicologia.com.br\/blog\/wp-json\/wp\/v2\/posts\/232\/revisions"}],"predecessor-version":[{"id":241,"href":"http:\/\/liriospsicologia.com.br\/blog\/wp-json\/wp\/v2\/posts\/232\/revisions\/241"}],"wp:attachment":[{"href":"http:\/\/liriospsicologia.com.br\/blog\/wp-json\/wp\/v2\/media?parent=232"}],"wp:term":[{"taxonomy":"category","embeddable":true,"href":"http:\/\/liriospsicologia.com.br\/blog\/wp-json\/wp\/v2\/categories?post=232"},{"taxonomy":"post_tag","embeddable":true,"href":"http:\/\/liriospsicologia.com.br\/blog\/wp-json\/wp\/v2\/tags?post=232"}],"curies":[{"name":"wp","href":"https:\/\/api.w.org\/{rel}","templated":true}]}}